{"id":2456,"date":"2020-04-14T00:00:00","date_gmt":"2020-04-13T22:00:00","guid":{"rendered":"https:\/\/bioluminis.com\/?p=2456"},"modified":"2023-09-14T13:16:29","modified_gmt":"2023-09-14T11:16:29","slug":"botschaft-des-optimismus","status":"publish","type":"post","link":"https:\/\/bioluminis.com\/de\/botschaft-des-optimismus\/","title":{"rendered":"Botschaft des Optimismus"},"content":{"rendered":"\r\n<figure class=\"wp-block-image size-large\"><img fetchpriority=\"high\" decoding=\"async\" width=\"1024\" height=\"578\" class=\"wp-image-2440\" src=\"https:\/\/www.bioluminis.com\/wp-content\/uploads\/2020\/04\/mensaje-Bioluminis-optimismo-3-1024x578.png\" alt=\"message of optimism\" srcset=\"https:\/\/bioluminis.com\/wp-content\/uploads\/2020\/04\/mensaje-Bioluminis-optimismo-3-1024x578.png 1024w, https:\/\/bioluminis.com\/wp-content\/uploads\/2020\/04\/mensaje-Bioluminis-optimismo-3-400x226.png 400w, https:\/\/bioluminis.com\/wp-content\/uploads\/2020\/04\/mensaje-Bioluminis-optimismo-3-450x254.png 450w, https:\/\/bioluminis.com\/wp-content\/uploads\/2020\/04\/mensaje-Bioluminis-optimismo-3-768x434.png 768w, https:\/\/bioluminis.com\/wp-content\/uploads\/2020\/04\/mensaje-Bioluminis-optimismo-3-700x395.png 700w, https:\/\/bioluminis.com\/wp-content\/uploads\/2020\/04\/mensaje-Bioluminis-optimismo-3-539x303.png 539w\" sizes=\"(max-width: 1024px) 100vw, 1024px\" \/><\/figure>\r\n\r\n\r\n\r\n<div class=\"wp-block-spacer\" style=\"height: 20px;\" aria-hidden=\"true\">\u00a0<\/div>\r\n\r\n\r\n\r\n<p>In diesen Tagen der Beschr\u00e4nkung, die uns alle betreffen, <strong>d\u00fcrfen wir nicht die Hoffnung verlieren, bessere Tage werden kommen<\/strong> und vielleicht eine neue Lebensweise. Wir haben gesehen, dass trotz der unterschiedlichen Interessen auf globaler Ebene die Ankunft dieses Virus uns gezwungen hat zu reflektieren und zu erkennen, dass wir alle auf dieser Welt gleich sind, weder die Reichen noch die Armen noch die M\u00e4chtigen noch Die Jungen oder Alten, noch die Genies oder Analphabeten entkommen der Epidemie.<\/p>\r\n\r\n\r\n\r\n<div class=\"wp-block-image\">\r\n<figure class=\"aligncenter size-large is-resized\"><img decoding=\"async\" class=\"wp-image-2449\" src=\"https:\/\/www.bioluminis.com\/wp-content\/uploads\/2020\/04\/precauciones-bioluminis-1-1024x651.png\" alt=\"\" width=\"341\" height=\"216\" \/><\/figure>\r\n<\/div>\r\n\r\n\r\n\r\n<p>Die klugen Empfehlungen, zu Hause zu bleiben und so lange wie m\u00f6glich festzuhalten, sich h\u00e4ufig die H\u00e4nde zu waschen, Abstand zu halten und sich mit einer Maske zu sch\u00fctzen, sind die besten M\u00f6glichkeiten, um dieser Pandemie zu begegnen, und dies umso mehr f\u00fcr Menschen mit Schw\u00e4chen der Atemwege Welches ist die Haupt betroffen. Pr\u00e4vention und Heilung f\u00fcr diese Krankheit werden bald eintreffen, aber mit diesem Warten kommen gef\u00e4hrliche Monate, die Angst verursachen, die schwer zu kontrollieren ist.<\/p>\r\n\r\n\r\n\r\n<p>In Bioluminis\u00ae haben wir keine L\u00f6sung gegen das Virus, aber wir haben Protokolle, um das Atmungssystem zu verhindern und zu st\u00e4rken und auch Stress zu kontrollieren, um unser Immunsystem zu f\u00f6rdern.<br \/>Wir hoffen, dass diese einfachen Tipps Ihnen helfen, die unangenehmen Auswirkungen zu minimieren und das Energiepotential Ihrer Abwehrkr\u00e4fte zu regenerieren.<\/p>\r\n\r\n\r\n\r\n<p><strong>Im Folgenden sind einige der Protokolle aufgef\u00fchrt, die Sie ausf\u00fchren k\u00f6nnen<\/strong>: <a href=\"https:\/\/bioluminis.com\/de\/_protocolo-aleman\/\" target=\"_blank\" rel=\"noreferrer noopener\" aria-label=\" (opens in a new tab)\"><strong>Protokolle herunterladen<\/strong><\/a><\/p>\r\n\r\n\r\n\r\n<h2 class=\"wp-block-heading\">Lungensystem<\/h2>\r\n\r\n\r\n\r\n<div class=\"wp-block-image\">\r\n<figure class=\"aligncenter size-large\"><img decoding=\"async\" width=\"1024\" height=\"466\" class=\"wp-image-2424\" src=\"https:\/\/www.bioluminis.com\/wp-content\/uploads\/2020\/04\/Sistema-respiratorio-1-1024x466.png\" alt=\"\" srcset=\"https:\/\/bioluminis.com\/wp-content\/uploads\/2020\/04\/Sistema-respiratorio-1-1024x466.png 1024w, https:\/\/bioluminis.com\/wp-content\/uploads\/2020\/04\/Sistema-respiratorio-1-400x182.png 400w, https:\/\/bioluminis.com\/wp-content\/uploads\/2020\/04\/Sistema-respiratorio-1-450x205.png 450w, https:\/\/bioluminis.com\/wp-content\/uploads\/2020\/04\/Sistema-respiratorio-1-768x350.png 768w, https:\/\/bioluminis.com\/wp-content\/uploads\/2020\/04\/Sistema-respiratorio-1-700x319.png 700w\" sizes=\"(max-width: 1024px) 100vw, 1024px\" \/>\r\n<figcaption><strong>1-2 Stunden einwirken lassen und wenn m\u00f6glich jeden Tag wiederholen<\/strong><\/figcaption>\r\n<\/figure>\r\n<\/div>\r\n\r\n\r\n\r\n<div class=\"wp-block-spacer\" style=\"height: 20px;\" aria-hidden=\"true\">\u00a0<\/div>\r\n\r\n\r\n\r\n<h2 class=\"wp-block-heading\">ALLGEMEINE SCHMERZEN<\/h2>\r\n\r\n\r\n\r\n<figure class=\"wp-block-image size-large\"><img loading=\"lazy\" decoding=\"async\" width=\"1024\" height=\"720\" class=\"wp-image-2430\" src=\"https:\/\/www.bioluminis.com\/wp-content\/uploads\/2020\/04\/dolor-general-1024x720.png\" alt=\"\" srcset=\"https:\/\/bioluminis.com\/wp-content\/uploads\/2020\/04\/dolor-general-1024x720.png 1024w, https:\/\/bioluminis.com\/wp-content\/uploads\/2020\/04\/dolor-general-400x281.png 400w, https:\/\/bioluminis.com\/wp-content\/uploads\/2020\/04\/dolor-general-450x317.png 450w, https:\/\/bioluminis.com\/wp-content\/uploads\/2020\/04\/dolor-general-768x540.png 768w, https:\/\/bioluminis.com\/wp-content\/uploads\/2020\/04\/dolor-general-700x492.png 700w\" sizes=\"(max-width: 1024px) 100vw, 1024px\" \/>\r\n<figcaption><strong>1-2 Stunden einwirken lassen und wenn m\u00f6glich jeden Tag wiederholen<\/strong><\/figcaption>\r\n<\/figure>\r\n\r\n\r\n\r\n<div class=\"wp-block-spacer\" style=\"height: 20px;\" aria-hidden=\"true\">\u00a0<\/div>\r\n\r\n\r\n\r\n<h2 class=\"wp-block-heading\">Anti-Stress<\/h2>\r\n\r\n\r\n\r\n<figure class=\"wp-block-image size-large\"><img loading=\"lazy\" decoding=\"async\" width=\"1024\" height=\"710\" class=\"wp-image-2433\" src=\"https:\/\/www.bioluminis.com\/wp-content\/uploads\/2020\/04\/stress-1024x710.png\" alt=\"\" srcset=\"https:\/\/bioluminis.com\/wp-content\/uploads\/2020\/04\/stress-1024x710.png 1024w, https:\/\/bioluminis.com\/wp-content\/uploads\/2020\/04\/stress-400x277.png 400w, https:\/\/bioluminis.com\/wp-content\/uploads\/2020\/04\/stress-450x312.png 450w, https:\/\/bioluminis.com\/wp-content\/uploads\/2020\/04\/stress-768x532.png 768w, https:\/\/bioluminis.com\/wp-content\/uploads\/2020\/04\/stress-700x485.png 700w\" sizes=\"(max-width: 1024px) 100vw, 1024px\" \/>\r\n<figcaption><strong>1-2 Stunden einwirken lassen und wenn m\u00f6glich jeden Tag wiederholen<\/strong><\/figcaption>\r\n<\/figure>\r\n\r\n\r\n\r\n<div class=\"wp-block-spacer\" style=\"height: 20px;\" aria-hidden=\"true\">\u00a0<\/div>\r\n\r\n\r\n\r\n<p>Wenn Sie dies ben\u00f6tigen, empfehlen wir Ihnen eine bestimmte Behandlung mit den Bioluminis-Filtern. <a href=\"info@bioluminis.com\">Kontaktieren<\/a> Sie uns \u00fcber eine unserer Kontaktm\u00f6glichkeiten. Herzliche Gr\u00fc\u00dfe und bleiben Sie gesund, Ihr bioluminis Team<\/p>\r\n\r\n\r\n","protected":false},"excerpt":{"rendered":"<p>In diesen Tagen der Beschr\u00e4nkung, die uns alle betreffen, d\u00fcrfen wir nicht die Hoffnung verlieren, bessere Tage werden kommen und vielleicht eine neue Lebensweise. Wir haben gesehen, dass trotz der unterschiedlichen Interessen auf globaler Ebene die Ankunft dieses Virus uns gezwungen hat zu reflektieren und zu erkennen, dass wir alle auf dieser Welt gleich sind, [&hellip;]<\/p>\n","protected":false},"author":2,"featured_media":7935,"comment_status":"open","ping_status":"open","sticky":false,"template":"","format":"standard","meta":{"footnotes":""},"categories":[191,278,498],"tags":[543,541,534,266,265,312,545,269,268,267],"class_list":["post-2456","post","type-post","status-publish","format-standard","has-post-thumbnail","hentry","category-bioluminis-de","category-biophotonen-therapie-bioluminis-de-de","category-blog-de","tag-allgemeine-schmerzen","tag-anti-stress-de","tag-bioluminis-filters","tag-bioluminis-filter","tag-biophoton-therapie","tag-biophotonen-therapie-de","tag-immunitat","tag-natuerliche-anti-stress-behandlung","tag-staerkung-des-atmungssystems","tag-staerkung-des-immunsystems"],"featured_image_src":{"landsacpe":["https:\/\/bioluminis.com\/wp-content\/uploads\/2022\/09\/mensaje-Bioluminis-optimismo-3-1140x445.png",1140,445,true],"list":["https:\/\/bioluminis.com\/wp-content\/uploads\/2022\/09\/mensaje-Bioluminis-optimismo-3-463x348.png",463,348,true],"medium":["https:\/\/bioluminis.com\/wp-content\/uploads\/2022\/09\/mensaje-Bioluminis-optimismo-3-300x169.png",300,169,true],"full":["https:\/\/bioluminis.com\/wp-content\/uploads\/2022\/09\/mensaje-Bioluminis-optimismo-3.png",1240,700,false]},"yoast_head":"<!-- This site is optimized with the Yoast SEO plugin v27.4 - https:\/\/yoast.com\/product\/yoast-seo-wordpress\/ -->\n<title>Botschaft des Optimismus - Bioluminis\u00ae<\/title>\n<meta name=\"robots\" content=\"index, follow, max-snippet:-1, max-image-preview:large, max-video-preview:-1\" \/>\n<link rel=\"canonical\" href=\"https:\/\/bioluminis.com\/de\/botschaft-des-optimismus\/\" \/>\n<meta property=\"og:locale\" content=\"de_DE\" \/>\n<meta property=\"og:type\" content=\"article\" \/>\n<meta property=\"og:title\" content=\"Botschaft des Optimismus - Bioluminis\u00ae\" \/>\n<meta property=\"og:description\" content=\"In diesen Tagen der Beschr\u00e4nkung, die uns alle betreffen, d\u00fcrfen wir nicht die Hoffnung verlieren, bessere Tage werden kommen und vielleicht eine neue Lebensweise. Wir haben gesehen, dass trotz der unterschiedlichen Interessen auf globaler Ebene die Ankunft dieses Virus uns gezwungen hat zu reflektieren und zu erkennen, dass wir alle auf dieser Welt gleich sind, [&hellip;]\" \/>\n<meta property=\"og:url\" content=\"https:\/\/bioluminis.com\/de\/botschaft-des-optimismus\/\" \/>\n<meta property=\"og:site_name\" content=\"Bioluminis\u00ae\" \/>\n<meta property=\"article:publisher\" content=\"https:\/\/www.facebook.com\/BioluminisBiophotontherapy\" \/>\n<meta property=\"article:published_time\" content=\"2020-04-13T22:00:00+00:00\" \/>\n<meta property=\"article:modified_time\" content=\"2023-09-14T11:16:29+00:00\" \/>\n<meta property=\"og:image\" content=\"https:\/\/bioluminis.com\/wp-content\/uploads\/2022\/09\/mensaje-Bioluminis-optimismo-3.png\" \/>\n\t<meta property=\"og:image:width\" content=\"1240\" \/>\n\t<meta property=\"og:image:height\" content=\"700\" \/>\n\t<meta property=\"og:image:type\" content=\"image\/png\" \/>\n<meta name=\"author\" content=\"Bioluminis\" \/>\n<meta name=\"twitter:card\" content=\"summary_large_image\" \/>\n<meta name=\"twitter:label1\" content=\"Verfasst von\" \/>\n\t<meta name=\"twitter:data1\" content=\"Bioluminis\" \/>\n\t<meta name=\"twitter:label2\" content=\"Gesch\u00e4tzte Lesezeit\" \/>\n\t<meta name=\"twitter:data2\" content=\"3\u00a0Minuten\" \/>\n<script type=\"application\/ld+json\" class=\"yoast-schema-graph\">{\"@context\":\"https:\\\/\\\/schema.org\",\"@graph\":[{\"@type\":\"Article\",\"@id\":\"https:\\\/\\\/bioluminis.com\\\/de\\\/botschaft-des-optimismus\\\/#article\",\"isPartOf\":{\"@id\":\"https:\\\/\\\/bioluminis.com\\\/de\\\/botschaft-des-optimismus\\\/\"},\"author\":{\"name\":\"Bioluminis\",\"@id\":\"https:\\\/\\\/bioluminis.com\\\/de\\\/#\\\/schema\\\/person\\\/d625d0c0775c49a7b691348a3c96f4cf\"},\"headline\":\"Botschaft des Optimismus\",\"datePublished\":\"2020-04-13T22:00:00+00:00\",\"dateModified\":\"2023-09-14T11:16:29+00:00\",\"mainEntityOfPage\":{\"@id\":\"https:\\\/\\\/bioluminis.com\\\/de\\\/botschaft-des-optimismus\\\/\"},\"wordCount\":310,\"commentCount\":0,\"publisher\":{\"@id\":\"https:\\\/\\\/bioluminis.com\\\/de\\\/#organization\"},\"image\":{\"@id\":\"https:\\\/\\\/bioluminis.com\\\/de\\\/botschaft-des-optimismus\\\/#primaryimage\"},\"thumbnailUrl\":\"https:\\\/\\\/bioluminis.com\\\/wp-content\\\/uploads\\\/2022\\\/09\\\/mensaje-Bioluminis-optimismo-3.png\",\"keywords\":[\"allgemeine Schmerzen\",\"Anti-Stress\",\"Bioluminis Filters\",\"Bioluminis-Filter\",\"Biophoton-Therapie\",\"Biophotonen-Therapie\",\"Immunit\u00e4t\",\"nat\u00fcrliche Anti-Stress-Behandlung\",\"St\u00e4rkung des Atmungssystems\",\"St\u00e4rkung des Immunsystems\"],\"articleSection\":[\"Bioluminis\",\"Biophotonen-Therapie Bioluminis\",\"Blog\"],\"inLanguage\":\"de\",\"potentialAction\":[{\"@type\":\"CommentAction\",\"name\":\"Comment\",\"target\":[\"https:\\\/\\\/bioluminis.com\\\/de\\\/botschaft-des-optimismus\\\/#respond\"]}]},{\"@type\":\"WebPage\",\"@id\":\"https:\\\/\\\/bioluminis.com\\\/de\\\/botschaft-des-optimismus\\\/\",\"url\":\"https:\\\/\\\/bioluminis.com\\\/de\\\/botschaft-des-optimismus\\\/\",\"name\":\"Botschaft des Optimismus - Bioluminis\u00ae\",\"isPartOf\":{\"@id\":\"https:\\\/\\\/bioluminis.com\\\/de\\\/#website\"},\"primaryImageOfPage\":{\"@id\":\"https:\\\/\\\/bioluminis.com\\\/de\\\/botschaft-des-optimismus\\\/#primaryimage\"},\"image\":{\"@id\":\"https:\\\/\\\/bioluminis.com\\\/de\\\/botschaft-des-optimismus\\\/#primaryimage\"},\"thumbnailUrl\":\"https:\\\/\\\/bioluminis.com\\\/wp-content\\\/uploads\\\/2022\\\/09\\\/mensaje-Bioluminis-optimismo-3.png\",\"datePublished\":\"2020-04-13T22:00:00+00:00\",\"dateModified\":\"2023-09-14T11:16:29+00:00\",\"breadcrumb\":{\"@id\":\"https:\\\/\\\/bioluminis.com\\\/de\\\/botschaft-des-optimismus\\\/#breadcrumb\"},\"inLanguage\":\"de\",\"potentialAction\":[{\"@type\":\"ReadAction\",\"target\":[\"https:\\\/\\\/bioluminis.com\\\/de\\\/botschaft-des-optimismus\\\/\"]}]},{\"@type\":\"ImageObject\",\"inLanguage\":\"de\",\"@id\":\"https:\\\/\\\/bioluminis.com\\\/de\\\/botschaft-des-optimismus\\\/#primaryimage\",\"url\":\"https:\\\/\\\/bioluminis.com\\\/wp-content\\\/uploads\\\/2022\\\/09\\\/mensaje-Bioluminis-optimismo-3.png\",\"contentUrl\":\"https:\\\/\\\/bioluminis.com\\\/wp-content\\\/uploads\\\/2022\\\/09\\\/mensaje-Bioluminis-optimismo-3.png\",\"width\":1240,\"height\":700},{\"@type\":\"BreadcrumbList\",\"@id\":\"https:\\\/\\\/bioluminis.com\\\/de\\\/botschaft-des-optimismus\\\/#breadcrumb\",\"itemListElement\":[{\"@type\":\"ListItem\",\"position\":1,\"name\":\"Portada\",\"item\":\"https:\\\/\\\/bioluminis.com\\\/de\\\/home\\\/\"},{\"@type\":\"ListItem\",\"position\":2,\"name\":\"Botschaft des Optimismus\"}]},{\"@type\":\"WebSite\",\"@id\":\"https:\\\/\\\/bioluminis.com\\\/de\\\/#website\",\"url\":\"https:\\\/\\\/bioluminis.com\\\/de\\\/\",\"name\":\"Bioluminis\u00ae\",\"description\":\"Biofotonterapia m\u00e9todo Bioluminis\",\"publisher\":{\"@id\":\"https:\\\/\\\/bioluminis.com\\\/de\\\/#organization\"},\"potentialAction\":[{\"@type\":\"SearchAction\",\"target\":{\"@type\":\"EntryPoint\",\"urlTemplate\":\"https:\\\/\\\/bioluminis.com\\\/de\\\/?s={search_term_string}\"},\"query-input\":{\"@type\":\"PropertyValueSpecification\",\"valueRequired\":true,\"valueName\":\"search_term_string\"}}],\"inLanguage\":\"de\"},{\"@type\":\"Organization\",\"@id\":\"https:\\\/\\\/bioluminis.com\\\/de\\\/#organization\",\"name\":\"Bioluminis\u00ae\",\"url\":\"https:\\\/\\\/bioluminis.com\\\/de\\\/\",\"logo\":{\"@type\":\"ImageObject\",\"inLanguage\":\"de\",\"@id\":\"https:\\\/\\\/bioluminis.com\\\/de\\\/#\\\/schema\\\/logo\\\/image\\\/\",\"url\":\"https:\\\/\\\/bioluminis.com\\\/wp-content\\\/uploads\\\/2022\\\/06\\\/logo-bioluminis-web.png\",\"contentUrl\":\"https:\\\/\\\/bioluminis.com\\\/wp-content\\\/uploads\\\/2022\\\/06\\\/logo-bioluminis-web.png\",\"width\":400,\"height\":84,\"caption\":\"Bioluminis\u00ae\"},\"image\":{\"@id\":\"https:\\\/\\\/bioluminis.com\\\/de\\\/#\\\/schema\\\/logo\\\/image\\\/\"},\"sameAs\":[\"https:\\\/\\\/www.facebook.com\\\/BioluminisBiophotontherapy\",\"https:\\\/\\\/www.instagram.com\\\/bioluminis_biofotonterapia\\\/\"]},{\"@type\":\"Person\",\"@id\":\"https:\\\/\\\/bioluminis.com\\\/de\\\/#\\\/schema\\\/person\\\/d625d0c0775c49a7b691348a3c96f4cf\",\"name\":\"Bioluminis\",\"image\":{\"@type\":\"ImageObject\",\"inLanguage\":\"de\",\"@id\":\"https:\\\/\\\/bioluminis.com\\\/wp-content\\\/litespeed\\\/avatar\\\/d26ad096e299f987fb65ee0c360b315e.jpg?ver=1777288305\",\"url\":\"https:\\\/\\\/bioluminis.com\\\/wp-content\\\/litespeed\\\/avatar\\\/d26ad096e299f987fb65ee0c360b315e.jpg?ver=1777288305\",\"contentUrl\":\"https:\\\/\\\/bioluminis.com\\\/wp-content\\\/litespeed\\\/avatar\\\/d26ad096e299f987fb65ee0c360b315e.jpg?ver=1777288305\",\"caption\":\"Bioluminis\"},\"sameAs\":[\"https:\\\/\\\/bioluminis.com\\\/\"]}]}<\/script>\n<!-- \/ Yoast SEO plugin. -->","yoast_head_json":{"title":"Botschaft des Optimismus - Bioluminis\u00ae","robots":{"index":"index","follow":"follow","max-snippet":"max-snippet:-1","max-image-preview":"max-image-preview:large","max-video-preview":"max-video-preview:-1"},"canonical":"https:\/\/bioluminis.com\/de\/botschaft-des-optimismus\/","og_locale":"de_DE","og_type":"article","og_title":"Botschaft des Optimismus - Bioluminis\u00ae","og_description":"In diesen Tagen der Beschr\u00e4nkung, die uns alle betreffen, d\u00fcrfen wir nicht die Hoffnung verlieren, bessere Tage werden kommen und vielleicht eine neue Lebensweise. Wir haben gesehen, dass trotz der unterschiedlichen Interessen auf globaler Ebene die Ankunft dieses Virus uns gezwungen hat zu reflektieren und zu erkennen, dass wir alle auf dieser Welt gleich sind, [&hellip;]","og_url":"https:\/\/bioluminis.com\/de\/botschaft-des-optimismus\/","og_site_name":"Bioluminis\u00ae","article_publisher":"https:\/\/www.facebook.com\/BioluminisBiophotontherapy","article_published_time":"2020-04-13T22:00:00+00:00","article_modified_time":"2023-09-14T11:16:29+00:00","og_image":[{"width":1240,"height":700,"url":"https:\/\/bioluminis.com\/wp-content\/uploads\/2022\/09\/mensaje-Bioluminis-optimismo-3.png","type":"image\/png"}],"author":"Bioluminis","twitter_card":"summary_large_image","twitter_misc":{"Verfasst von":"Bioluminis","Gesch\u00e4tzte Lesezeit":"3\u00a0Minuten"},"schema":{"@context":"https:\/\/schema.org","@graph":[{"@type":"Article","@id":"https:\/\/bioluminis.com\/de\/botschaft-des-optimismus\/#article","isPartOf":{"@id":"https:\/\/bioluminis.com\/de\/botschaft-des-optimismus\/"},"author":{"name":"Bioluminis","@id":"https:\/\/bioluminis.com\/de\/#\/schema\/person\/d625d0c0775c49a7b691348a3c96f4cf"},"headline":"Botschaft des Optimismus","datePublished":"2020-04-13T22:00:00+00:00","dateModified":"2023-09-14T11:16:29+00:00","mainEntityOfPage":{"@id":"https:\/\/bioluminis.com\/de\/botschaft-des-optimismus\/"},"wordCount":310,"commentCount":0,"publisher":{"@id":"https:\/\/bioluminis.com\/de\/#organization"},"image":{"@id":"https:\/\/bioluminis.com\/de\/botschaft-des-optimismus\/#primaryimage"},"thumbnailUrl":"https:\/\/bioluminis.com\/wp-content\/uploads\/2022\/09\/mensaje-Bioluminis-optimismo-3.png","keywords":["allgemeine Schmerzen","Anti-Stress","Bioluminis Filters","Bioluminis-Filter","Biophoton-Therapie","Biophotonen-Therapie","Immunit\u00e4t","nat\u00fcrliche Anti-Stress-Behandlung","St\u00e4rkung des Atmungssystems","St\u00e4rkung des Immunsystems"],"articleSection":["Bioluminis","Biophotonen-Therapie Bioluminis","Blog"],"inLanguage":"de","potentialAction":[{"@type":"CommentAction","name":"Comment","target":["https:\/\/bioluminis.com\/de\/botschaft-des-optimismus\/#respond"]}]},{"@type":"WebPage","@id":"https:\/\/bioluminis.com\/de\/botschaft-des-optimismus\/","url":"https:\/\/bioluminis.com\/de\/botschaft-des-optimismus\/","name":"Botschaft des Optimismus - Bioluminis\u00ae","isPartOf":{"@id":"https:\/\/bioluminis.com\/de\/#website"},"primaryImageOfPage":{"@id":"https:\/\/bioluminis.com\/de\/botschaft-des-optimismus\/#primaryimage"},"image":{"@id":"https:\/\/bioluminis.com\/de\/botschaft-des-optimismus\/#primaryimage"},"thumbnailUrl":"https:\/\/bioluminis.com\/wp-content\/uploads\/2022\/09\/mensaje-Bioluminis-optimismo-3.png","datePublished":"2020-04-13T22:00:00+00:00","dateModified":"2023-09-14T11:16:29+00:00","breadcrumb":{"@id":"https:\/\/bioluminis.com\/de\/botschaft-des-optimismus\/#breadcrumb"},"inLanguage":"de","potentialAction":[{"@type":"ReadAction","target":["https:\/\/bioluminis.com\/de\/botschaft-des-optimismus\/"]}]},{"@type":"ImageObject","inLanguage":"de","@id":"https:\/\/bioluminis.com\/de\/botschaft-des-optimismus\/#primaryimage","url":"https:\/\/bioluminis.com\/wp-content\/uploads\/2022\/09\/mensaje-Bioluminis-optimismo-3.png","contentUrl":"https:\/\/bioluminis.com\/wp-content\/uploads\/2022\/09\/mensaje-Bioluminis-optimismo-3.png","width":1240,"height":700},{"@type":"BreadcrumbList","@id":"https:\/\/bioluminis.com\/de\/botschaft-des-optimismus\/#breadcrumb","itemListElement":[{"@type":"ListItem","position":1,"name":"Portada","item":"https:\/\/bioluminis.com\/de\/home\/"},{"@type":"ListItem","position":2,"name":"Botschaft des Optimismus"}]},{"@type":"WebSite","@id":"https:\/\/bioluminis.com\/de\/#website","url":"https:\/\/bioluminis.com\/de\/","name":"Bioluminis\u00ae","description":"Biofotonterapia m\u00e9todo Bioluminis","publisher":{"@id":"https:\/\/bioluminis.com\/de\/#organization"},"potentialAction":[{"@type":"SearchAction","target":{"@type":"EntryPoint","urlTemplate":"https:\/\/bioluminis.com\/de\/?s={search_term_string}"},"query-input":{"@type":"PropertyValueSpecification","valueRequired":true,"valueName":"search_term_string"}}],"inLanguage":"de"},{"@type":"Organization","@id":"https:\/\/bioluminis.com\/de\/#organization","name":"Bioluminis\u00ae","url":"https:\/\/bioluminis.com\/de\/","logo":{"@type":"ImageObject","inLanguage":"de","@id":"https:\/\/bioluminis.com\/de\/#\/schema\/logo\/image\/","url":"https:\/\/bioluminis.com\/wp-content\/uploads\/2022\/06\/logo-bioluminis-web.png","contentUrl":"https:\/\/bioluminis.com\/wp-content\/uploads\/2022\/06\/logo-bioluminis-web.png","width":400,"height":84,"caption":"Bioluminis\u00ae"},"image":{"@id":"https:\/\/bioluminis.com\/de\/#\/schema\/logo\/image\/"},"sameAs":["https:\/\/www.facebook.com\/BioluminisBiophotontherapy","https:\/\/www.instagram.com\/bioluminis_biofotonterapia\/"]},{"@type":"Person","@id":"https:\/\/bioluminis.com\/de\/#\/schema\/person\/d625d0c0775c49a7b691348a3c96f4cf","name":"Bioluminis","image":{"@type":"ImageObject","inLanguage":"de","@id":"https:\/\/bioluminis.com\/wp-content\/litespeed\/avatar\/d26ad096e299f987fb65ee0c360b315e.jpg?ver=1777288305","url":"https:\/\/bioluminis.com\/wp-content\/litespeed\/avatar\/d26ad096e299f987fb65ee0c360b315e.jpg?ver=1777288305","contentUrl":"https:\/\/bioluminis.com\/wp-content\/litespeed\/avatar\/d26ad096e299f987fb65ee0c360b315e.jpg?ver=1777288305","caption":"Bioluminis"},"sameAs":["https:\/\/bioluminis.com\/"]}]}},"_links":{"self":[{"href":"https:\/\/bioluminis.com\/de\/wp-json\/wp\/v2\/posts\/2456","targetHints":{"allow":["GET"]}}],"collection":[{"href":"https:\/\/bioluminis.com\/de\/wp-json\/wp\/v2\/posts"}],"about":[{"href":"https:\/\/bioluminis.com\/de\/wp-json\/wp\/v2\/types\/post"}],"author":[{"embeddable":true,"href":"https:\/\/bioluminis.com\/de\/wp-json\/wp\/v2\/users\/2"}],"replies":[{"embeddable":true,"href":"https:\/\/bioluminis.com\/de\/wp-json\/wp\/v2\/comments?post=2456"}],"version-history":[{"count":0,"href":"https:\/\/bioluminis.com\/de\/wp-json\/wp\/v2\/posts\/2456\/revisions"}],"wp:featuredmedia":[{"embeddable":true,"href":"https:\/\/bioluminis.com\/de\/wp-json\/wp\/v2\/media\/7935"}],"wp:attachment":[{"href":"https:\/\/bioluminis.com\/de\/wp-json\/wp\/v2\/media?parent=2456"}],"wp:term":[{"taxonomy":"category","embeddable":true,"href":"https:\/\/bioluminis.com\/de\/wp-json\/wp\/v2\/categories?post=2456"},{"taxonomy":"post_tag","embeddable":true,"href":"https:\/\/bioluminis.com\/de\/wp-json\/wp\/v2\/tags?post=2456"}],"curies":[{"name":"wp","href":"https:\/\/api.w.org\/{rel}","templated":true}]}}